{"id":837,"date":"2026-07-23T10:09:09","date_gmt":"2026-07-23T10:09:09","guid":{"rendered":"https:\/\/ilyaco-group.com\/yaptirimlar-irandan-yapilan-uluslararasi-tasimaciligi-nasil-etkiliyor\/"},"modified":"2026-07-23T10:09:09","modified_gmt":"2026-07-23T10:09:09","slug":"yaptirimlar-irandan-yapilan-uluslararasi-tasimaciligi-nasil-etkiliyor","status":"publish","type":"post","link":"https:\/\/ilyaco-group.com\/tr\/yaptirimlar-irandan-yapilan-uluslararasi-tasimaciligi-nasil-etkiliyor\/","title":{"rendered":"Yapt\u0131r\u0131mlar \u0130ran&#8217;dan Yap\u0131lan Uluslararas\u0131 Ta\u015f\u0131mac\u0131l\u0131\u011f\u0131 Nas\u0131l Etkiliyor?"},"content":{"rendered":"<div class=\"elementor-element elementor-element-1f41803 elementor-widget elementor-widget-text-editor\" data-id=\"1f41803\" data-element_type=\"widget\" data-e-type=\"widget\" data-widget_type=\"text-editor.default\">\n<div class=\"elementor-widget-container\">\n<p>Uluslararas\u0131 deniz ta\u015f\u0131mac\u0131l\u0131\u011f\u0131 k\u00fcresel ticaretin belkemi\u011fini olu\u015fturur; Asya, Avrupa ve Orta Do\u011fu&#8217;nun kesi\u015fme noktas\u0131nda yer alan \u0130ran gibi bir \u00fclke i\u00e7inse deniz yolu ta\u015f\u0131mac\u0131l\u0131\u011f\u0131 hayati bir ekonomik role sahiptir. Ancak \u0130ran&#8217;\u0131n deniz ta\u015f\u0131mac\u0131l\u0131\u011f\u0131 ve lojistik sekt\u00f6r\u00fc, uluslararas\u0131 yapt\u0131r\u0131mlar nedeniyle on y\u0131llard\u0131r \u00e7e\u015fitli zorluklarla kar\u015f\u0131 kar\u015f\u0131yad\u0131r. \u00c7e\u015fitli h\u00fck\u00fcmetler ve k\u00fcresel kurumlar taraf\u0131ndan uygulanan bu yapt\u0131r\u0131mlar, yaln\u0131zca \u0130ran&#8217;\u0131n petrol ihracat\u0131n\u0131 de\u011fil, ayn\u0131 zamanda \u00fclkenin ola\u011fan k\u00fcresel ticaret faaliyetlerini y\u00fcr\u00fctme kapasitesini de etkilemi\u015ftir. Bu karma\u015f\u0131k ortamda faaliyet g\u00f6stermeyi ama\u00e7layan i\u015fletmeler, nakliye acenteleri ve k\u00fcresel lojistik ortaklar\u0131 i\u00e7in, yapt\u0131r\u0131mlar\u0131n \u0130ran kaynakl\u0131 uluslararas\u0131 deniz ta\u015f\u0131mac\u0131l\u0131\u011f\u0131n\u0131 nas\u0131l etkiledi\u011fini anlamak b\u00fcy\u00fck \u00f6nem ta\u015f\u0131maktad\u0131r.   <\/p>\n<\/div>\n<\/div>\n<div class=\"elementor-element elementor-element-33bcc0e elementor-widget elementor-widget-heading\" data-id=\"33bcc0e\" data-element_type=\"widget\" data-e-type=\"widget\" data-widget_type=\"heading.default\">\n<div class=\"elementor-widget-container\">\n<h2 class=\"elementor-heading-title elementor-size-default\">1. \u0130ran&#8217;a Y\u00f6nelik Yapt\u0131r\u0131mlar\u0131n Arka Plan\u0131<\/h2>\n<\/div>\n<\/div>\n<div class=\"elementor-element elementor-element-515420f elementor-widget elementor-widget-text-editor\" data-id=\"515420f\" data-element_type=\"widget\" data-e-type=\"widget\" data-widget_type=\"text-editor.default\">\n<div class=\"elementor-widget-container\">\n<p>\u0130ran, son birka\u00e7 on y\u0131ld\u0131r Amerika Birle\u015fik Devletleri, Avrupa Birli\u011fi ve Birle\u015fmi\u015f Milletler taraf\u0131ndan uygulanan \u00e7ok katmanl\u0131 yapt\u0131r\u0131mlara maruz kalm\u0131\u015ft\u0131r. Bu tedbirler ba\u015flang\u0131\u00e7ta \u0130ran\u2019\u0131n n\u00fckleer faaliyetlerini ve b\u00f6lgedeki n\u00fcfuzunu s\u0131n\u0131rlamak amac\u0131yla getirilmi\u015fti. Baz\u0131 yapt\u0131r\u0131mlar bankac\u0131l\u0131k veya enerji gibi belirli sekt\u00f6rleri hedef al\u0131rken, di\u011ferleri \u00fclkenin ticaret ve lojistik a\u011f\u0131 \u00fczerinde daha geni\u015f \u00e7apl\u0131 etkilere yol a\u00e7maktad\u0131r.  <\/p>\n<p>2015 tarihli Kapsaml\u0131 Ortak Eylem Plan\u0131 (JCPOA) kapsam\u0131nda baz\u0131 yapt\u0131r\u0131mlar kald\u0131r\u0131lm\u0131\u015f olsa da, 2018&#8217;de bunlar\u0131n bir\u00e7o\u011fu yeniden y\u00fcr\u00fcrl\u00fc\u011fe konulmu\u015f ve \u0130ran&#8217;\u0131n serbest\u00e7e ticaret yapma kabiliyeti bir kez daha k\u0131s\u0131tlanm\u0131\u015ft\u0131r. Bu yapt\u0131r\u0131m ve k\u0131smi hafifletme d\u00f6ng\u00fcs\u00fc, \u0130ran&#8217;\u0131n uluslararas\u0131 deniz ta\u015f\u0131mac\u0131l\u0131\u011f\u0131 sekt\u00f6r\u00fcnde s\u00fcregelen bir belirsizli\u011fe yol a\u00e7m\u0131\u015ft\u0131r. <\/p>\n<p><img fetchpriority=\"high\" decoding=\"async\" class=\"alignnone wp-image-181 size-full\" src=\"https:\/\/ilyaco-group.com\/wp-content\/uploads\/2026\/07\/International-Shipping-from-Iran1.webp\" alt=\"\" width=\"800\" height=\"600\" srcset=\"https:\/\/ilyaco-group.com\/wp-content\/uploads\/2026\/07\/International-Shipping-from-Iran1.webp 800w, https:\/\/ilyaco-group.com\/wp-content\/uploads\/2026\/07\/International-Shipping-from-Iran1-300x225.webp 300w, https:\/\/ilyaco-group.com\/wp-content\/uploads\/2026\/07\/International-Shipping-from-Iran1-768x576.webp 768w\" sizes=\"(max-width: 800px) 100vw, 800px\" \/><\/p>\n<\/div>\n<div class=\"elementor-element elementor-element-5851b4f elementor-widget elementor-widget-heading\" data-id=\"5851b4f\" data-element_type=\"widget\" data-e-type=\"widget\" data-widget_type=\"heading.default\">\n<div class=\"elementor-widget-container\">\n<h2 class=\"elementor-heading-title elementor-size-default\">2. \u0130ran&#8217;\u0131n Denizcilik Sekt\u00f6r\u00fc \u00dczerindeki Do\u011frudan Etkileri<\/h2>\n<\/div>\n<\/div>\n<div class=\"elementor-element elementor-element-94242f7 elementor-widget elementor-widget-text-editor\" data-id=\"94242f7\" data-element_type=\"widget\" data-e-type=\"widget\" data-widget_type=\"text-editor.default\">\n<div class=\"elementor-widget-container\">\n<p>Yapt\u0131r\u0131mlar; sigorta eri\u015fiminden gemi tescili ve bankac\u0131l\u0131k i\u015flemlerine kadar, \u0130ran&#8217;\u0131n denizcilik ve lojistik faaliyetlerinin her a\u015famas\u0131n\u0131 yeniden \u015fekillendirdi. \u0130\u015fte bu k\u0131s\u0131tlamalar\u0131n uluslararas\u0131 deniz ta\u015f\u0131mac\u0131l\u0131\u011f\u0131n\u0131 etkiledi\u011fi ba\u015fl\u0131ca yollar: <\/p>\n<ol>\n<li><strong>Uluslararas\u0131 Nakliye Hatlar\u0131na S\u0131n\u0131rl\u0131 Eri\u015fim<\/strong><\/li>\n<\/ol>\n<p>Maersk, MSC ve CMA CGM dahil olmak \u00fczere bir\u00e7ok b\u00fcy\u00fck k\u00fcresel denizcilik \u015firketi, ABD&#8217;nin ikincil yapt\u0131r\u0131mlar\u0131na maruz kalmamak amac\u0131yla \u0130ran&#8217;daki faaliyetlerini durdurdu veya \u00f6nemli \u00f6l\u00e7\u00fcde azaltt\u0131. Bu durum, \u0130ranl\u0131 ihracat\u00e7\u0131lar\u0131 yerel ta\u015f\u0131y\u0131c\u0131lara, b\u00f6lgesel hatlara veya \u00fc\u00e7\u00fcnc\u00fc taraf arac\u0131lara bel ba\u011flamak zorunda b\u0131rakt\u0131. <\/p>\n<ul>\n<li>Sonu\u00e7: \u0130hracat ve ithalat i\u00e7in daha az m\u00fcsait gemi ve daha y\u00fcksek navlun oranlar\u0131.<\/li>\n<\/ul>\n<ol>\n<li><strong>Deniz Sigortas\u0131 K\u0131s\u0131tlamalar\u0131<\/strong><\/li>\n<\/ol>\n<p>Uluslararas\u0131 denizcilik hukuku, gemilerin ge\u00e7erli bir Koruma ve Tazminat (P&#038;I) sigortas\u0131na sahip olmas\u0131n\u0131 zorunlu k\u0131lmaktad\u0131r. Uygulanan yapt\u0131r\u0131mlar, \u0130ranl\u0131 denizcilik \u015firketlerinin Bat\u0131l\u0131 sigortac\u0131lara eri\u015fimini k\u0131s\u0131tlam\u0131\u015f; bu durum, gemilerin yabanc\u0131 limanlara yana\u015fmas\u0131n\u0131 veya uluslararas\u0131 sulardan ge\u00e7i\u015f yapmas\u0131n\u0131 zorla\u015ft\u0131rm\u0131\u015ft\u0131r. <\/p>\n<ul>\n<li>Sonu\u00e7: Artan operasyonel riskler ve \u0130ran bayrakl\u0131 gemilerin uluslararas\u0131 d\u00fczeyde s\u0131n\u0131rl\u0131 kabul g\u00f6rmesi.<\/li>\n<\/ul>\n<ol>\n<li><strong>Finansal ve Bankac\u0131l\u0131k K\u0131s\u0131tlamalar\u0131<\/strong><\/li>\n<\/ol>\n<p>Belki de en \u00f6nemli etki, uluslararas\u0131 \u00f6demelerin ger\u00e7ekle\u015ftirilememesinden kaynaklanmaktad\u0131r. K\u00fcresel ticaretin b\u00fcy\u00fck bir k\u0131sm\u0131 ABD dolar\u0131 cinsinden y\u00fcr\u00fct\u00fcld\u00fc\u011f\u00fc i\u00e7in, \u0130ran&#8217;\u0131n SWIFT finans sisteminin d\u0131\u015f\u0131nda b\u0131rak\u0131lmas\u0131, bankalar aras\u0131 ola\u011fan i\u015flemlerin yap\u0131lmas\u0131n\u0131 neredeyse imkans\u0131z hale getirmi\u015ftir. <\/p>\n<ul>\n<li>Sonu\u00e7: Ticaret yapanlar s\u0131kl\u0131kla takas anla\u015fmalar\u0131na, kripto para \u00f6demelerine veya \u00fc\u00e7\u00fcnc\u00fc \u00fclke arac\u0131lar\u0131na ba\u015fvurmaktad\u0131r; bu durum ise nakliye s\u00f6zle\u015fmelerini karma\u015f\u0131k hale getirmektedir.<\/li>\n<\/ul>\n<ol>\n<li><strong>Liman ve G\u00fcmr\u00fck Zorluklar\u0131<\/strong><\/li>\n<\/ol>\n<p>D\u00fcnya genelindeki baz\u0131 limanlar ve g\u00fcmr\u00fck yetkilileri, uyumluluk endi\u015feleri nedeniyle \u0130ran kargolar\u0131n\u0131 elle\u00e7leme konusunda temkinli davran\u0131yor. Bu durum gecikmelere, sevkiyatlar\u0131n yeniden y\u00f6nlendirilmesine ve ek idari maliyetlere yol a\u00e7\u0131yor. <\/p>\n<ul>\n<li>Sonu\u00e7: Daha uzun teslimat s\u00fcreleri ve lojistik planlamas\u0131nda daha az \u00f6ng\u00f6r\u00fclebilirlik.<\/li>\n<\/ul>\n<\/div>\n<\/div>\n<div class=\"elementor-element elementor-element-d1dc963 elementor-widget elementor-widget-heading\" data-id=\"d1dc963\" data-element_type=\"widget\" data-e-type=\"widget\" data-widget_type=\"heading.default\">\n<div class=\"elementor-widget-container\">\n<h2 class=\"elementor-heading-title elementor-size-default\">3. K\u00fcresel Ticaret \u00dczerindeki Dolayl\u0131 Etkiler<\/h2>\n<\/div>\n<\/div>\n<div class=\"elementor-element elementor-element-8c31a59 elementor-widget elementor-widget-text-editor\" data-id=\"8c31a59\" data-element_type=\"widget\" data-e-type=\"widget\" data-widget_type=\"text-editor.default\">\n<div class=\"elementor-widget-container\">\n<p>\u0130ran&#8217;a y\u00f6nelik yapt\u0131r\u0131mlar, s\u0131n\u0131rlar\u0131n\u0131n \u00f6tesinde de zincirleme etkilere yol a\u00e7maktad\u0131r. Kom\u015fu \u00fclkeler, lojistik firmalar\u0131 ve \u00e7ok uluslu \u015firketler de \u0130ran ile ticari faaliyetlerde bulunurken operasyonel zorluklarla kar\u015f\u0131la\u015fmaktad\u0131r. <\/p>\n<ul>\n<li>B\u00f6lgesel Tedarik Zinciri Kesintileri: Yapt\u0131r\u0131mlar; \u00f6zellikle Basra K\u00f6rfezi, T\u00fcrkiye ve Hazar Denizi&#8217;ni kapsayan rotalar olmak \u00fczere, b\u00f6lgesel g\u00fczergahlarda aksamalara yol a\u00e7m\u0131\u015ft\u0131r.<\/li>\n<li>Artan Nakliye Maliyetleri: S\u0131n\u0131rl\u0131 say\u0131da nakliye firmas\u0131 ve y\u00fckselen risk primleri nedeniyle, \u0130ran g\u00fczergahlar\u0131ndaki navlun maliyetleri genellikle normal seviyelerin %20\u201330 \u00fczerindedir.<\/li>\n<li>Alternatif Merkezlere Y\u00f6nelim: Baz\u0131 i\u015fletmeler, yapt\u0131r\u0131mlara do\u011frudan maruz kalmaktan ka\u00e7\u0131nmak amac\u0131yla faaliyetlerini Dubai, Umman veya T\u00fcrkiye gibi yak\u0131n ticaret merkezlerine ta\u015f\u0131d\u0131.<\/li>\n<\/ul>\n<p>Bu zorluklara ra\u011fmen, \u0130ran&#8217;\u0131n stratejik konumu, Asya ile Avrupa aras\u0131nda kara yolu alternatifleri arayan k\u00fcresel lojistik operat\u00f6rlerinin ilgisini \u00e7ekmeye devam ediyor.<\/p>\n<div class=\"elementor-element elementor-element-354e8ae elementor-widget elementor-widget-heading\" data-id=\"354e8ae\" data-element_type=\"widget\" data-e-type=\"widget\" data-widget_type=\"heading.default\">\n<div class=\"elementor-widget-container\">\n<h2 class=\"elementor-heading-title elementor-size-default\">4. \u0130ran\u2019\u0131n Tepkisi ve Adaptasyonu<\/h2>\n<\/div>\n<\/div>\n<div class=\"elementor-element elementor-element-da20104 elementor-widget elementor-widget-text-editor\" data-id=\"da20104\" data-element_type=\"widget\" data-e-type=\"widget\" data-widget_type=\"text-editor.default\">\n<div class=\"elementor-widget-container\">\n<p>\u0130ran, yapt\u0131r\u0131mlar\u0131n etkilerini hafifletmek ve uluslararas\u0131 deniz ta\u015f\u0131mac\u0131l\u0131\u011f\u0131ndaki rol\u00fcn\u00fc s\u00fcrd\u00fcrmek amac\u0131yla \u00e7e\u015fitli ad\u0131mlar att\u0131.<\/p>\n<ol>\n<li><strong>Yerel Denizcilik Hatlar\u0131n\u0131n Geli\u015ftirilmesi<\/strong><\/li>\n<\/ol>\n<p>\u0130ran\u2019\u0131n ulusal denizcilik \u015firketi Islamic Republic of Iran Shipping Lines (IRISL), uluslararas\u0131 rotalara eri\u015fimini s\u00fcrd\u00fcrebilmek amac\u0131yla filosunu geni\u015fletti ve yabanc\u0131 bayraklar alt\u0131nda kay\u0131tl\u0131 yan kurulu\u015flar olu\u015fturdu.<\/p>\n<ol>\n<li><strong>B\u00f6lgesel Ortakl\u0131klar\u0131n G\u00fc\u00e7lendirilmesi<\/strong><\/li>\n<\/ol>\n<p>\u0130ran; \u00c7in, Rusya, Hindistan ve T\u00fcrkiye gibi kom\u015fu \u00fclkelerle ticari i\u015f birli\u011fini derinle\u015ftirdi. Bat\u0131 yapt\u0131r\u0131mlar\u0131ndan daha az etkilenen bu \u00fclkeler, hayati \u00f6nem ta\u015f\u0131yan ticari m\u00fcttefikler haline geldi. <\/p>\n<ul>\n<li>Hindistan ortakl\u0131\u011f\u0131yla geli\u015ftirilen \u00c7abahar Liman\u0131, yapt\u0131r\u0131mlarla ilgili baz\u0131 k\u0131s\u0131tlamalar\u0131 a\u015farak uluslararas\u0131 ticaret i\u00e7in hayati bir \u00e7\u0131k\u0131\u015f noktas\u0131 i\u015flevi g\u00f6r\u00fcyor.<\/li>\n<\/ul>\n<ol>\n<li><strong>Takas ve Alternatif \u00d6deme Sistemlerinin Kullan\u0131m\u0131<\/strong><\/li>\n<\/ol>\n<p>\u0130ran, bankac\u0131l\u0131k alan\u0131ndaki k\u0131s\u0131tlamalar\u0131n \u00fcstesinden gelmek amac\u0131yla mal kar\u015f\u0131l\u0131\u011f\u0131 mal takas\u0131, yerel para birimiyle \u00f6deme ve daha yak\u0131n zamanda kripto para i\u015flemleri gibi yarat\u0131c\u0131 ticaret mekanizmalar\u0131 geli\u015ftirmi\u015ftir.<\/p>\n<ol>\n<li><strong>Kara Yollar\u0131n\u0131n Geni\u015fletilmesi<\/strong><\/li>\n<\/ol>\n<p>\u0130ran; Uluslararas\u0131 Kuzey-G\u00fcney Ula\u015ft\u0131rma Koridoru (INSTC) ve \u0130pek Yolu Ekonomik Ku\u015fa\u011f\u0131 gibi koridorlar arac\u0131l\u0131\u011f\u0131yla kara transit altyap\u0131s\u0131na yat\u0131r\u0131m yaparak, yapt\u0131r\u0131mlardan etkilenen deniz yollar\u0131na olan ba\u011f\u0131ml\u0131l\u0131\u011f\u0131n\u0131 azaltm\u0131\u015ft\u0131r.<\/p>\n<\/div>\n<\/div>\n<\/div>\n<\/div>\n<\/div>\n","protected":false},"excerpt":{"rendered":"<p>Uluslararas\u0131 deniz ta\u015f\u0131mac\u0131l\u0131\u011f\u0131 k\u00fcresel ticaretin belkemi\u011fini olu\u015fturur; Asya, Avrupa ve Orta Do\u011fu&#8217;nun kesi\u015fme noktas\u0131nda yer alan \u0130ran gibi bir \u00fclke i\u00e7inse deniz yolu ta\u015f\u0131mac\u0131l\u0131\u011f\u0131 hayati bir ekonomik role sahiptir. Ancak \u0130ran&#8217;\u0131n deniz ta\u015f\u0131mac\u0131l\u0131\u011f\u0131 ve lojistik sekt\u00f6r\u00fc, uluslararas\u0131 yapt\u0131r\u0131mlar nedeniyle on y\u0131llard\u0131r \u00e7e\u015fitli zorluklarla kar\u015f\u0131 kar\u015f\u0131yad\u0131r. \u00c7e\u015fitli h\u00fck\u00fcmetler ve k\u00fcresel kurumlar taraf\u0131ndan uygulanan bu yapt\u0131r\u0131mlar, yaln\u0131zca [&hellip;]<\/p>\n","protected":false},"author":1,"featured_media":836,"comment_status":"open","ping_status":"open","sticky":false,"template":"","format":"standard","meta":{"footnotes":""},"categories":[13],"tags":[],"class_list":["post-837","post","type-post","status-publish","format-standard","has-post-thumbnail","hentry","category-uncategorized-tr"],"yoast_head":"<!-- This site is optimized with the Yoast SEO plugin v28.3 - https:\/\/yoast.com\/product\/yoast-seo-wordpress\/ -->\n<title>Yapt\u0131r\u0131mlar \u0130ran&#039;dan Yap\u0131lan Uluslararas\u0131 Ta\u015f\u0131mac\u0131l\u0131\u011f\u0131 Nas\u0131l Etkiliyor? - ilyaco<\/title>\n<meta name=\"robots\" content=\"index, follow, max-snippet:-1, max-image-preview:large, max-video-preview:-1\" \/>\n<link rel=\"canonical\" href=\"https:\/\/ilyaco-group.com\/yaptirimlar-irandan-yapilan-uluslararasi-tasimaciligi-nasil-etkiliyor\/\" \/>\n<meta property=\"og:locale\" content=\"tr_TR\" \/>\n<meta property=\"og:type\" content=\"article\" \/>\n<meta property=\"og:title\" content=\"Yapt\u0131r\u0131mlar \u0130ran&#039;dan Yap\u0131lan Uluslararas\u0131 Ta\u015f\u0131mac\u0131l\u0131\u011f\u0131 Nas\u0131l Etkiliyor? - ilyaco\" \/>\n<meta property=\"og:description\" content=\"Uluslararas\u0131 deniz ta\u015f\u0131mac\u0131l\u0131\u011f\u0131 k\u00fcresel ticaretin belkemi\u011fini olu\u015fturur; Asya, Avrupa ve Orta Do\u011fu&#8217;nun kesi\u015fme noktas\u0131nda yer alan \u0130ran gibi bir \u00fclke i\u00e7inse deniz yolu ta\u015f\u0131mac\u0131l\u0131\u011f\u0131 hayati bir ekonomik role sahiptir. Ancak \u0130ran&#8217;\u0131n deniz ta\u015f\u0131mac\u0131l\u0131\u011f\u0131 ve lojistik sekt\u00f6r\u00fc, uluslararas\u0131 yapt\u0131r\u0131mlar nedeniyle on y\u0131llard\u0131r \u00e7e\u015fitli zorluklarla kar\u015f\u0131 kar\u015f\u0131yad\u0131r. \u00c7e\u015fitli h\u00fck\u00fcmetler ve k\u00fcresel kurumlar taraf\u0131ndan uygulanan bu yapt\u0131r\u0131mlar, yaln\u0131zca [&hellip;]\" \/>\n<meta property=\"og:url\" content=\"https:\/\/ilyaco-group.com\/yaptirimlar-irandan-yapilan-uluslararasi-tasimaciligi-nasil-etkiliyor\/\" \/>\n<meta property=\"og:site_name\" content=\"ilyaco\" \/>\n<meta property=\"article:published_time\" content=\"2026-07-23T10:09:09+00:00\" \/>\n<meta property=\"og:image\" content=\"https:\/\/ilyaco-group.com\/wp-content\/uploads\/2026\/07\/International-Shipping-from-Iran1.webp\" \/>\n\t<meta property=\"og:image:width\" content=\"800\" \/>\n\t<meta property=\"og:image:height\" content=\"600\" \/>\n\t<meta property=\"og:image:type\" content=\"image\/webp\" \/>\n<meta name=\"author\" content=\"Sepehr\" \/>\n<meta name=\"twitter:card\" content=\"summary_large_image\" \/>\n<meta name=\"twitter:label1\" content=\"Yazan:\" \/>\n\t<meta name=\"twitter:data1\" content=\"Sepehr\" \/>\n\t<meta name=\"twitter:label2\" content=\"Tahmini okuma s\u00fcresi\" \/>\n\t<meta name=\"twitter:data2\" content=\"5 dakika\" \/>\n<script type=\"application\/ld+json\" class=\"yoast-schema-graph\">{\"@context\":\"https:\\\/\\\/schema.org\",\"@graph\":[{\"@type\":\"Article\",\"@id\":\"https:\\\/\\\/ilyaco-group.com\\\/yaptirimlar-irandan-yapilan-uluslararasi-tasimaciligi-nasil-etkiliyor\\\/#article\",\"isPartOf\":{\"@id\":\"https:\\\/\\\/ilyaco-group.com\\\/yaptirimlar-irandan-yapilan-uluslararasi-tasimaciligi-nasil-etkiliyor\\\/\"},\"author\":{\"name\":\"Sepehr\",\"@id\":\"https:\\\/\\\/ilyaco-group.com\\\/#\\\/schema\\\/person\\\/36cb3a2075be81621b3de57fa7c661e9\"},\"headline\":\"Yapt\u0131r\u0131mlar \u0130ran&#8217;dan Yap\u0131lan Uluslararas\u0131 Ta\u015f\u0131mac\u0131l\u0131\u011f\u0131 Nas\u0131l Etkiliyor?\",\"datePublished\":\"2026-07-23T10:09:09+00:00\",\"mainEntityOfPage\":{\"@id\":\"https:\\\/\\\/ilyaco-group.com\\\/yaptirimlar-irandan-yapilan-uluslararasi-tasimaciligi-nasil-etkiliyor\\\/\"},\"wordCount\":1118,\"commentCount\":0,\"publisher\":{\"@id\":\"https:\\\/\\\/ilyaco-group.com\\\/#organization\"},\"image\":{\"@id\":\"https:\\\/\\\/ilyaco-group.com\\\/yaptirimlar-irandan-yapilan-uluslararasi-tasimaciligi-nasil-etkiliyor\\\/#primaryimage\"},\"thumbnailUrl\":\"https:\\\/\\\/ilyaco-group.com\\\/wp-content\\\/uploads\\\/2026\\\/07\\\/International-Shipping-from-Iran.webp\",\"articleSection\":[\"Uncategorized @tr\"],\"inLanguage\":\"tr\",\"potentialAction\":[{\"@type\":\"CommentAction\",\"name\":\"Comment\",\"target\":[\"https:\\\/\\\/ilyaco-group.com\\\/yaptirimlar-irandan-yapilan-uluslararasi-tasimaciligi-nasil-etkiliyor\\\/#respond\"]}]},{\"@type\":\"WebPage\",\"@id\":\"https:\\\/\\\/ilyaco-group.com\\\/yaptirimlar-irandan-yapilan-uluslararasi-tasimaciligi-nasil-etkiliyor\\\/\",\"url\":\"https:\\\/\\\/ilyaco-group.com\\\/yaptirimlar-irandan-yapilan-uluslararasi-tasimaciligi-nasil-etkiliyor\\\/\",\"name\":\"Yapt\u0131r\u0131mlar \u0130ran'dan Yap\u0131lan Uluslararas\u0131 Ta\u015f\u0131mac\u0131l\u0131\u011f\u0131 Nas\u0131l Etkiliyor? - ilyaco\",\"isPartOf\":{\"@id\":\"https:\\\/\\\/ilyaco-group.com\\\/#website\"},\"primaryImageOfPage\":{\"@id\":\"https:\\\/\\\/ilyaco-group.com\\\/yaptirimlar-irandan-yapilan-uluslararasi-tasimaciligi-nasil-etkiliyor\\\/#primaryimage\"},\"image\":{\"@id\":\"https:\\\/\\\/ilyaco-group.com\\\/yaptirimlar-irandan-yapilan-uluslararasi-tasimaciligi-nasil-etkiliyor\\\/#primaryimage\"},\"thumbnailUrl\":\"https:\\\/\\\/ilyaco-group.com\\\/wp-content\\\/uploads\\\/2026\\\/07\\\/International-Shipping-from-Iran.webp\",\"datePublished\":\"2026-07-23T10:09:09+00:00\",\"breadcrumb\":{\"@id\":\"https:\\\/\\\/ilyaco-group.com\\\/yaptirimlar-irandan-yapilan-uluslararasi-tasimaciligi-nasil-etkiliyor\\\/#breadcrumb\"},\"inLanguage\":\"tr\",\"potentialAction\":[{\"@type\":\"ReadAction\",\"target\":[\"https:\\\/\\\/ilyaco-group.com\\\/yaptirimlar-irandan-yapilan-uluslararasi-tasimaciligi-nasil-etkiliyor\\\/\"]}]},{\"@type\":\"ImageObject\",\"inLanguage\":\"tr\",\"@id\":\"https:\\\/\\\/ilyaco-group.com\\\/yaptirimlar-irandan-yapilan-uluslararasi-tasimaciligi-nasil-etkiliyor\\\/#primaryimage\",\"url\":\"https:\\\/\\\/ilyaco-group.com\\\/wp-content\\\/uploads\\\/2026\\\/07\\\/International-Shipping-from-Iran.webp\",\"contentUrl\":\"https:\\\/\\\/ilyaco-group.com\\\/wp-content\\\/uploads\\\/2026\\\/07\\\/International-Shipping-from-Iran.webp\",\"width\":800,\"height\":600},{\"@type\":\"BreadcrumbList\",\"@id\":\"https:\\\/\\\/ilyaco-group.com\\\/yaptirimlar-irandan-yapilan-uluslararasi-tasimaciligi-nasil-etkiliyor\\\/#breadcrumb\",\"itemListElement\":[{\"@type\":\"ListItem\",\"position\":1,\"name\":\"Home\",\"item\":\"https:\\\/\\\/ilyaco-group.com\\\/tr\\\/ev\\\/\"},{\"@type\":\"ListItem\",\"position\":2,\"name\":\"Yapt\u0131r\u0131mlar \u0130ran&#8217;dan Yap\u0131lan Uluslararas\u0131 Ta\u015f\u0131mac\u0131l\u0131\u011f\u0131 Nas\u0131l Etkiliyor?\"}]},{\"@type\":\"WebSite\",\"@id\":\"https:\\\/\\\/ilyaco-group.com\\\/#website\",\"url\":\"https:\\\/\\\/ilyaco-group.com\\\/\",\"name\":\"ilyaco\",\"description\":\"\",\"publisher\":{\"@id\":\"https:\\\/\\\/ilyaco-group.com\\\/#organization\"},\"potentialAction\":[{\"@type\":\"SearchAction\",\"target\":{\"@type\":\"EntryPoint\",\"urlTemplate\":\"https:\\\/\\\/ilyaco-group.com\\\/?s={search_term_string}\"},\"query-input\":{\"@type\":\"PropertyValueSpecification\",\"valueRequired\":true,\"valueName\":\"search_term_string\"}}],\"inLanguage\":\"tr\"},{\"@type\":\"Organization\",\"@id\":\"https:\\\/\\\/ilyaco-group.com\\\/#organization\",\"name\":\"ilyaco\",\"url\":\"https:\\\/\\\/ilyaco-group.com\\\/\",\"logo\":{\"@type\":\"ImageObject\",\"inLanguage\":\"tr\",\"@id\":\"https:\\\/\\\/ilyaco-group.com\\\/#\\\/schema\\\/logo\\\/image\\\/\",\"url\":\"https:\\\/\\\/ilyaco-group.com\\\/wp-content\\\/uploads\\\/2026\\\/07\\\/Ilyaco-Group.webp\",\"contentUrl\":\"https:\\\/\\\/ilyaco-group.com\\\/wp-content\\\/uploads\\\/2026\\\/07\\\/Ilyaco-Group.webp\",\"width\":500,\"height\":175,\"caption\":\"ilyaco\"},\"image\":{\"@id\":\"https:\\\/\\\/ilyaco-group.com\\\/#\\\/schema\\\/logo\\\/image\\\/\"}},{\"@type\":\"Person\",\"@id\":\"https:\\\/\\\/ilyaco-group.com\\\/#\\\/schema\\\/person\\\/36cb3a2075be81621b3de57fa7c661e9\",\"name\":\"Sepehr\",\"sameAs\":[\"https:\\\/\\\/ilyaco-group.com\"],\"url\":\"https:\\\/\\\/ilyaco-group.com\\\/tr\\\/author\\\/sepehr\\\/\"}]}<\/script>\n<!-- \/ Yoast SEO plugin. -->","yoast_head_json":{"title":"Yapt\u0131r\u0131mlar \u0130ran'dan Yap\u0131lan Uluslararas\u0131 Ta\u015f\u0131mac\u0131l\u0131\u011f\u0131 Nas\u0131l Etkiliyor? - ilyaco","robots":{"index":"index","follow":"follow","max-snippet":"max-snippet:-1","max-image-preview":"max-image-preview:large","max-video-preview":"max-video-preview:-1"},"canonical":"https:\/\/ilyaco-group.com\/yaptirimlar-irandan-yapilan-uluslararasi-tasimaciligi-nasil-etkiliyor\/","og_locale":"tr_TR","og_type":"article","og_title":"Yapt\u0131r\u0131mlar \u0130ran'dan Yap\u0131lan Uluslararas\u0131 Ta\u015f\u0131mac\u0131l\u0131\u011f\u0131 Nas\u0131l Etkiliyor? - ilyaco","og_description":"Uluslararas\u0131 deniz ta\u015f\u0131mac\u0131l\u0131\u011f\u0131 k\u00fcresel ticaretin belkemi\u011fini olu\u015fturur; Asya, Avrupa ve Orta Do\u011fu&#8217;nun kesi\u015fme noktas\u0131nda yer alan \u0130ran gibi bir \u00fclke i\u00e7inse deniz yolu ta\u015f\u0131mac\u0131l\u0131\u011f\u0131 hayati bir ekonomik role sahiptir. Ancak \u0130ran&#8217;\u0131n deniz ta\u015f\u0131mac\u0131l\u0131\u011f\u0131 ve lojistik sekt\u00f6r\u00fc, uluslararas\u0131 yapt\u0131r\u0131mlar nedeniyle on y\u0131llard\u0131r \u00e7e\u015fitli zorluklarla kar\u015f\u0131 kar\u015f\u0131yad\u0131r. \u00c7e\u015fitli h\u00fck\u00fcmetler ve k\u00fcresel kurumlar taraf\u0131ndan uygulanan bu yapt\u0131r\u0131mlar, yaln\u0131zca [&hellip;]","og_url":"https:\/\/ilyaco-group.com\/yaptirimlar-irandan-yapilan-uluslararasi-tasimaciligi-nasil-etkiliyor\/","og_site_name":"ilyaco","article_published_time":"2026-07-23T10:09:09+00:00","og_image":[{"width":800,"height":600,"url":"https:\/\/ilyaco-group.com\/wp-content\/uploads\/2026\/07\/International-Shipping-from-Iran1.webp","type":"image\/webp"}],"author":"Sepehr","twitter_card":"summary_large_image","twitter_misc":{"Yazan:":"Sepehr","Tahmini okuma s\u00fcresi":"5 dakika"},"schema":{"@context":"https:\/\/schema.org","@graph":[{"@type":"Article","@id":"https:\/\/ilyaco-group.com\/yaptirimlar-irandan-yapilan-uluslararasi-tasimaciligi-nasil-etkiliyor\/#article","isPartOf":{"@id":"https:\/\/ilyaco-group.com\/yaptirimlar-irandan-yapilan-uluslararasi-tasimaciligi-nasil-etkiliyor\/"},"author":{"name":"Sepehr","@id":"https:\/\/ilyaco-group.com\/#\/schema\/person\/36cb3a2075be81621b3de57fa7c661e9"},"headline":"Yapt\u0131r\u0131mlar \u0130ran&#8217;dan Yap\u0131lan Uluslararas\u0131 Ta\u015f\u0131mac\u0131l\u0131\u011f\u0131 Nas\u0131l Etkiliyor?","datePublished":"2026-07-23T10:09:09+00:00","mainEntityOfPage":{"@id":"https:\/\/ilyaco-group.com\/yaptirimlar-irandan-yapilan-uluslararasi-tasimaciligi-nasil-etkiliyor\/"},"wordCount":1118,"commentCount":0,"publisher":{"@id":"https:\/\/ilyaco-group.com\/#organization"},"image":{"@id":"https:\/\/ilyaco-group.com\/yaptirimlar-irandan-yapilan-uluslararasi-tasimaciligi-nasil-etkiliyor\/#primaryimage"},"thumbnailUrl":"https:\/\/ilyaco-group.com\/wp-content\/uploads\/2026\/07\/International-Shipping-from-Iran.webp","articleSection":["Uncategorized @tr"],"inLanguage":"tr","potentialAction":[{"@type":"CommentAction","name":"Comment","target":["https:\/\/ilyaco-group.com\/yaptirimlar-irandan-yapilan-uluslararasi-tasimaciligi-nasil-etkiliyor\/#respond"]}]},{"@type":"WebPage","@id":"https:\/\/ilyaco-group.com\/yaptirimlar-irandan-yapilan-uluslararasi-tasimaciligi-nasil-etkiliyor\/","url":"https:\/\/ilyaco-group.com\/yaptirimlar-irandan-yapilan-uluslararasi-tasimaciligi-nasil-etkiliyor\/","name":"Yapt\u0131r\u0131mlar \u0130ran'dan Yap\u0131lan Uluslararas\u0131 Ta\u015f\u0131mac\u0131l\u0131\u011f\u0131 Nas\u0131l Etkiliyor? - ilyaco","isPartOf":{"@id":"https:\/\/ilyaco-group.com\/#website"},"primaryImageOfPage":{"@id":"https:\/\/ilyaco-group.com\/yaptirimlar-irandan-yapilan-uluslararasi-tasimaciligi-nasil-etkiliyor\/#primaryimage"},"image":{"@id":"https:\/\/ilyaco-group.com\/yaptirimlar-irandan-yapilan-uluslararasi-tasimaciligi-nasil-etkiliyor\/#primaryimage"},"thumbnailUrl":"https:\/\/ilyaco-group.com\/wp-content\/uploads\/2026\/07\/International-Shipping-from-Iran.webp","datePublished":"2026-07-23T10:09:09+00:00","breadcrumb":{"@id":"https:\/\/ilyaco-group.com\/yaptirimlar-irandan-yapilan-uluslararasi-tasimaciligi-nasil-etkiliyor\/#breadcrumb"},"inLanguage":"tr","potentialAction":[{"@type":"ReadAction","target":["https:\/\/ilyaco-group.com\/yaptirimlar-irandan-yapilan-uluslararasi-tasimaciligi-nasil-etkiliyor\/"]}]},{"@type":"ImageObject","inLanguage":"tr","@id":"https:\/\/ilyaco-group.com\/yaptirimlar-irandan-yapilan-uluslararasi-tasimaciligi-nasil-etkiliyor\/#primaryimage","url":"https:\/\/ilyaco-group.com\/wp-content\/uploads\/2026\/07\/International-Shipping-from-Iran.webp","contentUrl":"https:\/\/ilyaco-group.com\/wp-content\/uploads\/2026\/07\/International-Shipping-from-Iran.webp","width":800,"height":600},{"@type":"BreadcrumbList","@id":"https:\/\/ilyaco-group.com\/yaptirimlar-irandan-yapilan-uluslararasi-tasimaciligi-nasil-etkiliyor\/#breadcrumb","itemListElement":[{"@type":"ListItem","position":1,"name":"Home","item":"https:\/\/ilyaco-group.com\/tr\/ev\/"},{"@type":"ListItem","position":2,"name":"Yapt\u0131r\u0131mlar \u0130ran&#8217;dan Yap\u0131lan Uluslararas\u0131 Ta\u015f\u0131mac\u0131l\u0131\u011f\u0131 Nas\u0131l Etkiliyor?"}]},{"@type":"WebSite","@id":"https:\/\/ilyaco-group.com\/#website","url":"https:\/\/ilyaco-group.com\/","name":"ilyaco","description":"","publisher":{"@id":"https:\/\/ilyaco-group.com\/#organization"},"potentialAction":[{"@type":"SearchAction","target":{"@type":"EntryPoint","urlTemplate":"https:\/\/ilyaco-group.com\/?s={search_term_string}"},"query-input":{"@type":"PropertyValueSpecification","valueRequired":true,"valueName":"search_term_string"}}],"inLanguage":"tr"},{"@type":"Organization","@id":"https:\/\/ilyaco-group.com\/#organization","name":"ilyaco","url":"https:\/\/ilyaco-group.com\/","logo":{"@type":"ImageObject","inLanguage":"tr","@id":"https:\/\/ilyaco-group.com\/#\/schema\/logo\/image\/","url":"https:\/\/ilyaco-group.com\/wp-content\/uploads\/2026\/07\/Ilyaco-Group.webp","contentUrl":"https:\/\/ilyaco-group.com\/wp-content\/uploads\/2026\/07\/Ilyaco-Group.webp","width":500,"height":175,"caption":"ilyaco"},"image":{"@id":"https:\/\/ilyaco-group.com\/#\/schema\/logo\/image\/"}},{"@type":"Person","@id":"https:\/\/ilyaco-group.com\/#\/schema\/person\/36cb3a2075be81621b3de57fa7c661e9","name":"Sepehr","sameAs":["https:\/\/ilyaco-group.com"],"url":"https:\/\/ilyaco-group.com\/tr\/author\/sepehr\/"}]}},"_links":{"self":[{"href":"https:\/\/ilyaco-group.com\/tr\/wp-json\/wp\/v2\/posts\/837","targetHints":{"allow":["GET"]}}],"collection":[{"href":"https:\/\/ilyaco-group.com\/tr\/wp-json\/wp\/v2\/posts"}],"about":[{"href":"https:\/\/ilyaco-group.com\/tr\/wp-json\/wp\/v2\/types\/post"}],"author":[{"embeddable":true,"href":"https:\/\/ilyaco-group.com\/tr\/wp-json\/wp\/v2\/users\/1"}],"replies":[{"embeddable":true,"href":"https:\/\/ilyaco-group.com\/tr\/wp-json\/wp\/v2\/comments?post=837"}],"version-history":[{"count":0,"href":"https:\/\/ilyaco-group.com\/tr\/wp-json\/wp\/v2\/posts\/837\/revisions"}],"wp:featuredmedia":[{"embeddable":true,"href":"https:\/\/ilyaco-group.com\/tr\/wp-json\/wp\/v2\/media\/836"}],"wp:attachment":[{"href":"https:\/\/ilyaco-group.com\/tr\/wp-json\/wp\/v2\/media?parent=837"}],"wp:term":[{"taxonomy":"category","embeddable":true,"href":"https:\/\/ilyaco-group.com\/tr\/wp-json\/wp\/v2\/categories?post=837"},{"taxonomy":"post_tag","embeddable":true,"href":"https:\/\/ilyaco-group.com\/tr\/wp-json\/wp\/v2\/tags?post=837"}],"curies":[{"name":"wp","href":"https:\/\/api.w.org\/{rel}","templated":true}]}}