{"id":833,"date":"2026-07-27T22:46:08","date_gmt":"2026-07-27T22:46:08","guid":{"rendered":"https:\/\/ilyaco-group.com\/irandan-avrupaya-transit-guzergahlar\/"},"modified":"2026-07-27T22:46:08","modified_gmt":"2026-07-27T22:46:08","slug":"irandan-avrupaya-transit-guzergahlar","status":"publish","type":"post","link":"https:\/\/ilyaco-group.com\/tr\/irandan-avrupaya-transit-guzergahlar\/","title":{"rendered":"\u0130ran&#8217;dan Avrupa&#8217;ya Transit G\u00fczergahlar"},"content":{"rendered":"<div class=\"elementor-element elementor-element-badaa5b elementor-widget elementor-widget-text-editor\" data-id=\"badaa5b\" data-element_type=\"widget\" data-e-type=\"widget\" data-widget_type=\"text-editor.default\">\n<div class=\"elementor-widget-container\">\n<p>\u0130ran, uzun zamand\u0131r d\u00fcnyan\u0131n en stratejik transit merkezlerinden biri olarak kabul edilmektedir. Avrupa, Asya ve Orta Do\u011fu&#8217;nun kesi\u015fim noktas\u0131nda yer alan \u00fclke, ba\u015fl\u0131ca uluslararas\u0131 pazarlar\u0131 birbirine ba\u011flamakta ve Do\u011fu ile Bat\u0131 aras\u0131nda kritik bir kara k\u00f6pr\u00fcs\u00fc g\u00f6revi g\u00f6rmektedir. \u0130ran, ge\u00e7ti\u011fimiz y\u0131llar i\u00e7inde; kendisini ticaret, enerji ve mal ta\u015f\u0131mac\u0131l\u0131\u011f\u0131 a\u00e7\u0131s\u0131ndan merkezi bir ge\u00e7i\u015f noktas\u0131 haline getiren kapsaml\u0131 bir kara yolu, demir yolu, liman ve lojistik koridor a\u011f\u0131 geli\u015ftirmi\u015ftir. \u0130ran&#8217;\u0131n Avrupa ve Asya&#8217;ya a\u00e7\u0131lan ba\u015fl\u0131ca transit rotalar\u0131n\u0131 kavramak; i\u015fletmelerin, lojistik firmalar\u0131n\u0131n ve uluslararas\u0131 ticaret yapanlar\u0131n nakliye operasyonlar\u0131n\u0131 optimize etmelerine ve transit s\u00fcrelerini k\u0131saltmalar\u0131na yard\u0131mc\u0131 olur.   <\/p>\n<\/div>\n<\/div>\n<div class=\"elementor-element elementor-element-643ccde elementor-widget elementor-widget-heading\" data-id=\"643ccde\" data-element_type=\"widget\" data-e-type=\"widget\" data-widget_type=\"heading.default\">\n<div class=\"elementor-widget-container\">\n<h2 class=\"elementor-heading-title elementor-size-default\">1. \u0130ran\u2019\u0131n K\u00fcresel Transit Ta\u015f\u0131mac\u0131l\u0131ktaki Stratejik Konumu<\/h2>\n<\/div>\n<\/div>\n<div class=\"elementor-element elementor-element-8157a6b elementor-widget elementor-widget-text-editor\" data-id=\"8157a6b\" data-element_type=\"widget\" data-e-type=\"widget\" data-widget_type=\"text-editor.default\">\n<div class=\"elementor-widget-container\">\n<p>\u0130ran, co\u011frafi konumu sayesinde bir\u00e7ok ticaret koridoruna do\u011frudan eri\u015fim imkan\u0131na sahiptir. Kara ve deniz yoluyla 15 kom\u015fu \u00fclkeyle s\u0131n\u0131r\u0131 bulunan \u0130ran, Asya ile Avrupa aras\u0131nda ta\u015f\u0131nan y\u00fckler i\u00e7in en k\u0131sa ve en uygun maliyetli rotalardan birini sunmaktad\u0131r. \u00dclke; kuzeyde Hazar Denizi, g\u00fcneyde Basra K\u00f6rfezi ve Umman Denizi ile do\u011fuda \u00c7in, Hindistan ve G\u00fcneydo\u011fu Asya gibi ba\u015fl\u0131ca Asya ticaret merkezleri aras\u0131nda bir ba\u011flant\u0131 noktas\u0131 g\u00f6revi g\u00f6rmektedir.  <\/p>\n<p>Bu avantajl\u0131 konum, \u0130ran&#8217;\u0131 a\u015fa\u011f\u0131dakiler de dahil olmak \u00fczere \u00e7e\u015fitli uluslararas\u0131 ula\u015f\u0131m giri\u015fimlerinin hayati bir par\u00e7as\u0131 haline getirmi\u015ftir:<\/p>\n<ul>\n<li><strong>Uluslararas\u0131 Kuzey-G\u00fcney Ula\u015ft\u0131rma Koridoru (INSTC)<\/strong><\/li>\n<li><strong>\u0130pek Yolu Ekonomik Ku\u015fa\u011f\u0131 (\u00c7in\u2019in Ku\u015fak ve Yol Giri\u015fimi\u2019nin bir par\u00e7as\u0131)<\/strong><\/li>\n<li><strong>Orta Asya&#8217;y\u0131 T\u00fcrkiye ve Kafkasya \u00fczerinden Avrupa&#8217;ya ba\u011flayan transit koridorlar<\/strong><\/li>\n<\/ul>\n<p>Bu rotalar yaln\u0131zca \u0130ran\u2019\u0131n ticaret potansiyelini art\u0131rmakla kalm\u0131yor, ayn\u0131 zamanda yabanc\u0131 lojistik \u015firketlerine Orta Do\u011fu, Orta Asya ve \u00f6tesindeki geli\u015fmekte olan pazarlara eri\u015fim imk\u00e2n\u0131 da sa\u011fl\u0131yor.<\/p>\n<p><img fetchpriority=\"high\" decoding=\"async\" class=\"alignnone wp-image-186 size-full\" src=\"https:\/\/ilyaco-group.com\/wp-content\/uploads\/2026\/07\/Transit-Routes-from-Iran-to-Europe-and-Asia-Explained.webp\" alt=\"\" width=\"800\" height=\"600\" srcset=\"https:\/\/ilyaco-group.com\/wp-content\/uploads\/2026\/07\/Transit-Routes-from-Iran-to-Europe-and-Asia-Explained.webp 800w, https:\/\/ilyaco-group.com\/wp-content\/uploads\/2026\/07\/Transit-Routes-from-Iran-to-Europe-and-Asia-Explained-300x225.webp 300w, https:\/\/ilyaco-group.com\/wp-content\/uploads\/2026\/07\/Transit-Routes-from-Iran-to-Europe-and-Asia-Explained-768x576.webp 768w\" sizes=\"(max-width: 800px) 100vw, 800px\" \/><\/p>\n<div class=\"elementor-element elementor-element-87c01fd elementor-widget elementor-widget-heading\" data-id=\"87c01fd\" data-element_type=\"widget\" data-e-type=\"widget\" data-widget_type=\"heading.default\">\n<div class=\"elementor-widget-container\">\n<h2 class=\"elementor-heading-title elementor-size-default\">2. \u0130ran&#8217;dan Avrupa&#8217;ya Ana Transit G\u00fczergahlar\u0131<\/h2>\n<\/div>\n<\/div>\n<div class=\"elementor-element elementor-element-e6ca671 elementor-widget elementor-widget-text-editor\" data-id=\"e6ca671\" data-element_type=\"widget\" data-e-type=\"widget\" data-widget_type=\"text-editor.default\">\n<div class=\"elementor-widget-container\">\n<p>\u0130ran&#8217;\u0131n bat\u0131 koridorlar\u0131, Asya \u00fclkelerini Avrupa pazarlar\u0131na ba\u011flamada \u00f6nemli bir rol oynamaktad\u0131r. Ba\u015fl\u0131ca g\u00fczergahlardan baz\u0131lar\u0131 \u015funlard\u0131r: <\/p>\n<ol>\n<li><strong>\u0130ran-T\u00fcrkiye-Avrupa Koridoru<\/strong><\/li>\n<\/ol>\n<p>Bu, \u0130ran&#8217;\u0131 Avrupa&#8217;ya ba\u011flayan en yayg\u0131n kullan\u0131lan kara yoludur. Mallar; Tahran veya Tebriz gibi \u0130ran \u015fehirlerinden Bazargan ya da Razi s\u0131n\u0131r kap\u0131lar\u0131 arac\u0131l\u0131\u011f\u0131yla T\u00fcrkiye&#8217;ye ta\u015f\u0131n\u0131r. Buradan itibaren T\u00fcrkiye \u00fczerinden Bulgaristan, Romanya, Macaristan ve Almanya gibi Avrupa \u00fclkelerine do\u011fru yollar\u0131na devam ederler.  <\/p>\n<ul>\n<li>Avantajlar: H\u0131zl\u0131 kara yolu eri\u015fimi, modern g\u00fcmr\u00fck tesisleri ve Avrupa kara yolu a\u011flar\u0131yla entegrasyon.<\/li>\n<li>Kullan\u0131m Alanlar\u0131: Kamyonlar, r\u00f6morklar ve zaman a\u00e7\u0131s\u0131ndan kritik g\u00f6nderiler i\u00e7in idealdir.<\/li>\n<\/ul>\n<ol>\n<li><strong>\u0130ran-Azerbaycan-Rusya-Avrupa Rotas\u0131 (INSTC)<\/strong><\/li>\n<\/ol>\n<p>Uluslararas\u0131 Kuzey-G\u00fcney Ula\u015ft\u0131rma Koridoru&#8217;nun bir par\u00e7as\u0131 olan bu g\u00fczerg\u00e2h, \u0130ran&#8217;\u0131 Azerbaycan \u00fczerinden Rusya&#8217;ya ba\u011flar ve ard\u0131ndan Kuzey ve Do\u011fu Avrupa&#8217;ya uzan\u0131r. Yolculuk genellikle kara, demir yolu ve deniz yolu ta\u015f\u0131mac\u0131l\u0131\u011f\u0131n\u0131 bir arada kapsar. <\/p>\n<ul>\n<li>Avantajlar: S\u00fcvey\u015f Kanal\u0131 \u00fczerinden ge\u00e7en geleneksel deniz rotalar\u0131na k\u0131yasla daha d\u00fc\u015f\u00fck maliyetler.<\/li>\n<li>Kullan\u0131m alanlar\u0131: A\u011f\u0131r y\u00fckler, konteynerler ve enerji \u00fcr\u00fcnleri i\u00e7in uygundur.<\/li>\n<\/ul>\n<ol>\n<li><strong>\u0130ran-Ermenistan-G\u00fcrcistan-Karadeniz-Avrupa Rotas\u0131<\/strong><\/li>\n<\/ol>\n<p>Bu koridor, \u0130ran&#8217;\u0131, mallar\u0131n deniz yoluyla Avrupa&#8217;daki var\u0131\u015f noktalar\u0131na sevk edilebildi\u011fi G\u00fcrcistan&#8217;\u0131n Karadeniz limanlar\u0131na ba\u011flar.<\/p>\n<ul>\n<li>Avantajlar: Karayolu ve deniz yolu lojisti\u011fini birle\u015ftiren \u00e7ok modlu ta\u015f\u0131mac\u0131l\u0131k.<\/li>\n<li>Kullan\u0131m Alanlar\u0131: Balkanlar, G\u00fcney Avrupa ve Do\u011fu Avrupa&#8217;ya y\u00f6nelen mallar i\u00e7in yararl\u0131d\u0131r.<\/li>\n<\/ul>\n<\/div>\n<\/div>\n<\/div>\n<\/div>\n","protected":false},"excerpt":{"rendered":"<p>\u0130ran, uzun zamand\u0131r d\u00fcnyan\u0131n en stratejik transit merkezlerinden biri olarak kabul edilmektedir. Avrupa, Asya ve Orta Do\u011fu&#8217;nun kesi\u015fim noktas\u0131nda yer alan \u00fclke, ba\u015fl\u0131ca uluslararas\u0131 pazarlar\u0131 birbirine ba\u011flamakta ve Do\u011fu ile Bat\u0131 aras\u0131nda kritik bir kara k\u00f6pr\u00fcs\u00fc g\u00f6revi g\u00f6rmektedir. \u0130ran, ge\u00e7ti\u011fimiz y\u0131llar i\u00e7inde; kendisini ticaret, enerji ve mal ta\u015f\u0131mac\u0131l\u0131\u011f\u0131 a\u00e7\u0131s\u0131ndan merkezi bir ge\u00e7i\u015f noktas\u0131 haline getiren [&hellip;]<\/p>\n","protected":false},"author":1,"featured_media":832,"comment_status":"open","ping_status":"open","sticky":false,"template":"","format":"standard","meta":{"footnotes":""},"categories":[13],"tags":[],"class_list":["post-833","post","type-post","status-publish","format-standard","has-post-thumbnail","hentry","category-uncategorized-tr"],"yoast_head":"<!-- This site is optimized with the Yoast SEO plugin v28.3 - https:\/\/yoast.com\/product\/yoast-seo-wordpress\/ -->\n<title>\u0130ran&#039;dan Avrupa&#039;ya Transit G\u00fczergahlar - ilyaco<\/title>\n<meta name=\"robots\" content=\"index, follow, max-snippet:-1, max-image-preview:large, max-video-preview:-1\" \/>\n<link rel=\"canonical\" href=\"https:\/\/ilyaco-group.com\/tr\/irandan-avrupaya-transit-guzergahlar\/\" \/>\n<meta property=\"og:locale\" content=\"tr_TR\" \/>\n<meta property=\"og:type\" content=\"article\" \/>\n<meta property=\"og:title\" content=\"\u0130ran&#039;dan Avrupa&#039;ya Transit G\u00fczergahlar - ilyaco\" \/>\n<meta property=\"og:description\" content=\"\u0130ran, uzun zamand\u0131r d\u00fcnyan\u0131n en stratejik transit merkezlerinden biri olarak kabul edilmektedir. Avrupa, Asya ve Orta Do\u011fu&#8217;nun kesi\u015fim noktas\u0131nda yer alan \u00fclke, ba\u015fl\u0131ca uluslararas\u0131 pazarlar\u0131 birbirine ba\u011flamakta ve Do\u011fu ile Bat\u0131 aras\u0131nda kritik bir kara k\u00f6pr\u00fcs\u00fc g\u00f6revi g\u00f6rmektedir. \u0130ran, ge\u00e7ti\u011fimiz y\u0131llar i\u00e7inde; kendisini ticaret, enerji ve mal ta\u015f\u0131mac\u0131l\u0131\u011f\u0131 a\u00e7\u0131s\u0131ndan merkezi bir ge\u00e7i\u015f noktas\u0131 haline getiren [&hellip;]\" \/>\n<meta property=\"og:url\" content=\"https:\/\/ilyaco-group.com\/tr\/irandan-avrupaya-transit-guzergahlar\/\" \/>\n<meta property=\"og:site_name\" content=\"ilyaco\" \/>\n<meta property=\"article:published_time\" content=\"2026-07-27T22:46:08+00:00\" \/>\n<meta property=\"og:image\" content=\"https:\/\/ilyaco-group.com\/wp-content\/uploads\/2026\/07\/Step-by-Step-Guide-to-Exporting-Goods-from-Iran2.webp\" \/>\n\t<meta property=\"og:image:width\" content=\"800\" \/>\n\t<meta property=\"og:image:height\" content=\"600\" \/>\n\t<meta property=\"og:image:type\" content=\"image\/webp\" \/>\n<meta name=\"author\" content=\"Sepehr\" \/>\n<meta name=\"twitter:card\" content=\"summary_large_image\" \/>\n<meta name=\"twitter:label1\" content=\"Yazan:\" \/>\n\t<meta name=\"twitter:data1\" content=\"Sepehr\" \/>\n\t<meta name=\"twitter:label2\" content=\"Tahmini okuma s\u00fcresi\" \/>\n\t<meta name=\"twitter:data2\" content=\"3 dakika\" \/>\n<script type=\"application\/ld+json\" class=\"yoast-schema-graph\">{\"@context\":\"https:\\\/\\\/schema.org\",\"@graph\":[{\"@type\":\"Article\",\"@id\":\"https:\\\/\\\/ilyaco-group.com\\\/tr\\\/irandan-avrupaya-transit-guzergahlar\\\/#article\",\"isPartOf\":{\"@id\":\"https:\\\/\\\/ilyaco-group.com\\\/tr\\\/irandan-avrupaya-transit-guzergahlar\\\/\"},\"author\":{\"name\":\"Sepehr\",\"@id\":\"https:\\\/\\\/ilyaco-group.com\\\/#\\\/schema\\\/person\\\/36cb3a2075be81621b3de57fa7c661e9\"},\"headline\":\"\u0130ran&#8217;dan Avrupa&#8217;ya Transit G\u00fczergahlar\",\"datePublished\":\"2026-07-27T22:46:08+00:00\",\"mainEntityOfPage\":{\"@id\":\"https:\\\/\\\/ilyaco-group.com\\\/tr\\\/irandan-avrupaya-transit-guzergahlar\\\/\"},\"wordCount\":617,\"commentCount\":0,\"publisher\":{\"@id\":\"https:\\\/\\\/ilyaco-group.com\\\/#organization\"},\"image\":{\"@id\":\"https:\\\/\\\/ilyaco-group.com\\\/tr\\\/irandan-avrupaya-transit-guzergahlar\\\/#primaryimage\"},\"thumbnailUrl\":\"https:\\\/\\\/ilyaco-group.com\\\/wp-content\\\/uploads\\\/2026\\\/07\\\/Step-by-Step-Guide-to-Exporting-Goods-from-Iran2.webp\",\"articleSection\":[\"Uncategorized @tr\"],\"inLanguage\":\"tr\",\"potentialAction\":[{\"@type\":\"CommentAction\",\"name\":\"Comment\",\"target\":[\"https:\\\/\\\/ilyaco-group.com\\\/tr\\\/irandan-avrupaya-transit-guzergahlar\\\/#respond\"]}]},{\"@type\":\"WebPage\",\"@id\":\"https:\\\/\\\/ilyaco-group.com\\\/tr\\\/irandan-avrupaya-transit-guzergahlar\\\/\",\"url\":\"https:\\\/\\\/ilyaco-group.com\\\/tr\\\/irandan-avrupaya-transit-guzergahlar\\\/\",\"name\":\"\u0130ran'dan Avrupa'ya Transit G\u00fczergahlar - ilyaco\",\"isPartOf\":{\"@id\":\"https:\\\/\\\/ilyaco-group.com\\\/#website\"},\"primaryImageOfPage\":{\"@id\":\"https:\\\/\\\/ilyaco-group.com\\\/tr\\\/irandan-avrupaya-transit-guzergahlar\\\/#primaryimage\"},\"image\":{\"@id\":\"https:\\\/\\\/ilyaco-group.com\\\/tr\\\/irandan-avrupaya-transit-guzergahlar\\\/#primaryimage\"},\"thumbnailUrl\":\"https:\\\/\\\/ilyaco-group.com\\\/wp-content\\\/uploads\\\/2026\\\/07\\\/Step-by-Step-Guide-to-Exporting-Goods-from-Iran2.webp\",\"datePublished\":\"2026-07-27T22:46:08+00:00\",\"breadcrumb\":{\"@id\":\"https:\\\/\\\/ilyaco-group.com\\\/tr\\\/irandan-avrupaya-transit-guzergahlar\\\/#breadcrumb\"},\"inLanguage\":\"tr\",\"potentialAction\":[{\"@type\":\"ReadAction\",\"target\":[\"https:\\\/\\\/ilyaco-group.com\\\/tr\\\/irandan-avrupaya-transit-guzergahlar\\\/\"]}]},{\"@type\":\"ImageObject\",\"inLanguage\":\"tr\",\"@id\":\"https:\\\/\\\/ilyaco-group.com\\\/tr\\\/irandan-avrupaya-transit-guzergahlar\\\/#primaryimage\",\"url\":\"https:\\\/\\\/ilyaco-group.com\\\/wp-content\\\/uploads\\\/2026\\\/07\\\/Step-by-Step-Guide-to-Exporting-Goods-from-Iran2.webp\",\"contentUrl\":\"https:\\\/\\\/ilyaco-group.com\\\/wp-content\\\/uploads\\\/2026\\\/07\\\/Step-by-Step-Guide-to-Exporting-Goods-from-Iran2.webp\",\"width\":800,\"height\":600},{\"@type\":\"BreadcrumbList\",\"@id\":\"https:\\\/\\\/ilyaco-group.com\\\/tr\\\/irandan-avrupaya-transit-guzergahlar\\\/#breadcrumb\",\"itemListElement\":[{\"@type\":\"ListItem\",\"position\":1,\"name\":\"Home\",\"item\":\"https:\\\/\\\/ilyaco-group.com\\\/tr\\\/ev\\\/\"},{\"@type\":\"ListItem\",\"position\":2,\"name\":\"\u0130ran&#8217;dan Avrupa&#8217;ya Transit G\u00fczergahlar\"}]},{\"@type\":\"WebSite\",\"@id\":\"https:\\\/\\\/ilyaco-group.com\\\/#website\",\"url\":\"https:\\\/\\\/ilyaco-group.com\\\/\",\"name\":\"ilyaco\",\"description\":\"\",\"publisher\":{\"@id\":\"https:\\\/\\\/ilyaco-group.com\\\/#organization\"},\"potentialAction\":[{\"@type\":\"SearchAction\",\"target\":{\"@type\":\"EntryPoint\",\"urlTemplate\":\"https:\\\/\\\/ilyaco-group.com\\\/?s={search_term_string}\"},\"query-input\":{\"@type\":\"PropertyValueSpecification\",\"valueRequired\":true,\"valueName\":\"search_term_string\"}}],\"inLanguage\":\"tr\"},{\"@type\":\"Organization\",\"@id\":\"https:\\\/\\\/ilyaco-group.com\\\/#organization\",\"name\":\"ilyaco\",\"url\":\"https:\\\/\\\/ilyaco-group.com\\\/\",\"logo\":{\"@type\":\"ImageObject\",\"inLanguage\":\"tr\",\"@id\":\"https:\\\/\\\/ilyaco-group.com\\\/#\\\/schema\\\/logo\\\/image\\\/\",\"url\":\"https:\\\/\\\/ilyaco-group.com\\\/wp-content\\\/uploads\\\/2026\\\/07\\\/Ilyaco-Group.webp\",\"contentUrl\":\"https:\\\/\\\/ilyaco-group.com\\\/wp-content\\\/uploads\\\/2026\\\/07\\\/Ilyaco-Group.webp\",\"width\":500,\"height\":175,\"caption\":\"ilyaco\"},\"image\":{\"@id\":\"https:\\\/\\\/ilyaco-group.com\\\/#\\\/schema\\\/logo\\\/image\\\/\"}},{\"@type\":\"Person\",\"@id\":\"https:\\\/\\\/ilyaco-group.com\\\/#\\\/schema\\\/person\\\/36cb3a2075be81621b3de57fa7c661e9\",\"name\":\"Sepehr\",\"sameAs\":[\"https:\\\/\\\/ilyaco-group.com\"],\"url\":\"https:\\\/\\\/ilyaco-group.com\\\/tr\\\/author\\\/sepehr\\\/\"}]}<\/script>\n<!-- \/ Yoast SEO plugin. -->","yoast_head_json":{"title":"\u0130ran'dan Avrupa'ya Transit G\u00fczergahlar - ilyaco","robots":{"index":"index","follow":"follow","max-snippet":"max-snippet:-1","max-image-preview":"max-image-preview:large","max-video-preview":"max-video-preview:-1"},"canonical":"https:\/\/ilyaco-group.com\/tr\/irandan-avrupaya-transit-guzergahlar\/","og_locale":"tr_TR","og_type":"article","og_title":"\u0130ran'dan Avrupa'ya Transit G\u00fczergahlar - ilyaco","og_description":"\u0130ran, uzun zamand\u0131r d\u00fcnyan\u0131n en stratejik transit merkezlerinden biri olarak kabul edilmektedir. Avrupa, Asya ve Orta Do\u011fu&#8217;nun kesi\u015fim noktas\u0131nda yer alan \u00fclke, ba\u015fl\u0131ca uluslararas\u0131 pazarlar\u0131 birbirine ba\u011flamakta ve Do\u011fu ile Bat\u0131 aras\u0131nda kritik bir kara k\u00f6pr\u00fcs\u00fc g\u00f6revi g\u00f6rmektedir. \u0130ran, ge\u00e7ti\u011fimiz y\u0131llar i\u00e7inde; kendisini ticaret, enerji ve mal ta\u015f\u0131mac\u0131l\u0131\u011f\u0131 a\u00e7\u0131s\u0131ndan merkezi bir ge\u00e7i\u015f noktas\u0131 haline getiren [&hellip;]","og_url":"https:\/\/ilyaco-group.com\/tr\/irandan-avrupaya-transit-guzergahlar\/","og_site_name":"ilyaco","article_published_time":"2026-07-27T22:46:08+00:00","og_image":[{"width":800,"height":600,"url":"https:\/\/ilyaco-group.com\/wp-content\/uploads\/2026\/07\/Step-by-Step-Guide-to-Exporting-Goods-from-Iran2.webp","type":"image\/webp"}],"author":"Sepehr","twitter_card":"summary_large_image","twitter_misc":{"Yazan:":"Sepehr","Tahmini okuma s\u00fcresi":"3 dakika"},"schema":{"@context":"https:\/\/schema.org","@graph":[{"@type":"Article","@id":"https:\/\/ilyaco-group.com\/tr\/irandan-avrupaya-transit-guzergahlar\/#article","isPartOf":{"@id":"https:\/\/ilyaco-group.com\/tr\/irandan-avrupaya-transit-guzergahlar\/"},"author":{"name":"Sepehr","@id":"https:\/\/ilyaco-group.com\/#\/schema\/person\/36cb3a2075be81621b3de57fa7c661e9"},"headline":"\u0130ran&#8217;dan Avrupa&#8217;ya Transit G\u00fczergahlar","datePublished":"2026-07-27T22:46:08+00:00","mainEntityOfPage":{"@id":"https:\/\/ilyaco-group.com\/tr\/irandan-avrupaya-transit-guzergahlar\/"},"wordCount":617,"commentCount":0,"publisher":{"@id":"https:\/\/ilyaco-group.com\/#organization"},"image":{"@id":"https:\/\/ilyaco-group.com\/tr\/irandan-avrupaya-transit-guzergahlar\/#primaryimage"},"thumbnailUrl":"https:\/\/ilyaco-group.com\/wp-content\/uploads\/2026\/07\/Step-by-Step-Guide-to-Exporting-Goods-from-Iran2.webp","articleSection":["Uncategorized @tr"],"inLanguage":"tr","potentialAction":[{"@type":"CommentAction","name":"Comment","target":["https:\/\/ilyaco-group.com\/tr\/irandan-avrupaya-transit-guzergahlar\/#respond"]}]},{"@type":"WebPage","@id":"https:\/\/ilyaco-group.com\/tr\/irandan-avrupaya-transit-guzergahlar\/","url":"https:\/\/ilyaco-group.com\/tr\/irandan-avrupaya-transit-guzergahlar\/","name":"\u0130ran'dan Avrupa'ya Transit G\u00fczergahlar - ilyaco","isPartOf":{"@id":"https:\/\/ilyaco-group.com\/#website"},"primaryImageOfPage":{"@id":"https:\/\/ilyaco-group.com\/tr\/irandan-avrupaya-transit-guzergahlar\/#primaryimage"},"image":{"@id":"https:\/\/ilyaco-group.com\/tr\/irandan-avrupaya-transit-guzergahlar\/#primaryimage"},"thumbnailUrl":"https:\/\/ilyaco-group.com\/wp-content\/uploads\/2026\/07\/Step-by-Step-Guide-to-Exporting-Goods-from-Iran2.webp","datePublished":"2026-07-27T22:46:08+00:00","breadcrumb":{"@id":"https:\/\/ilyaco-group.com\/tr\/irandan-avrupaya-transit-guzergahlar\/#breadcrumb"},"inLanguage":"tr","potentialAction":[{"@type":"ReadAction","target":["https:\/\/ilyaco-group.com\/tr\/irandan-avrupaya-transit-guzergahlar\/"]}]},{"@type":"ImageObject","inLanguage":"tr","@id":"https:\/\/ilyaco-group.com\/tr\/irandan-avrupaya-transit-guzergahlar\/#primaryimage","url":"https:\/\/ilyaco-group.com\/wp-content\/uploads\/2026\/07\/Step-by-Step-Guide-to-Exporting-Goods-from-Iran2.webp","contentUrl":"https:\/\/ilyaco-group.com\/wp-content\/uploads\/2026\/07\/Step-by-Step-Guide-to-Exporting-Goods-from-Iran2.webp","width":800,"height":600},{"@type":"BreadcrumbList","@id":"https:\/\/ilyaco-group.com\/tr\/irandan-avrupaya-transit-guzergahlar\/#breadcrumb","itemListElement":[{"@type":"ListItem","position":1,"name":"Home","item":"https:\/\/ilyaco-group.com\/tr\/ev\/"},{"@type":"ListItem","position":2,"name":"\u0130ran&#8217;dan Avrupa&#8217;ya Transit G\u00fczergahlar"}]},{"@type":"WebSite","@id":"https:\/\/ilyaco-group.com\/#website","url":"https:\/\/ilyaco-group.com\/","name":"ilyaco","description":"","publisher":{"@id":"https:\/\/ilyaco-group.com\/#organization"},"potentialAction":[{"@type":"SearchAction","target":{"@type":"EntryPoint","urlTemplate":"https:\/\/ilyaco-group.com\/?s={search_term_string}"},"query-input":{"@type":"PropertyValueSpecification","valueRequired":true,"valueName":"search_term_string"}}],"inLanguage":"tr"},{"@type":"Organization","@id":"https:\/\/ilyaco-group.com\/#organization","name":"ilyaco","url":"https:\/\/ilyaco-group.com\/","logo":{"@type":"ImageObject","inLanguage":"tr","@id":"https:\/\/ilyaco-group.com\/#\/schema\/logo\/image\/","url":"https:\/\/ilyaco-group.com\/wp-content\/uploads\/2026\/07\/Ilyaco-Group.webp","contentUrl":"https:\/\/ilyaco-group.com\/wp-content\/uploads\/2026\/07\/Ilyaco-Group.webp","width":500,"height":175,"caption":"ilyaco"},"image":{"@id":"https:\/\/ilyaco-group.com\/#\/schema\/logo\/image\/"}},{"@type":"Person","@id":"https:\/\/ilyaco-group.com\/#\/schema\/person\/36cb3a2075be81621b3de57fa7c661e9","name":"Sepehr","sameAs":["https:\/\/ilyaco-group.com"],"url":"https:\/\/ilyaco-group.com\/tr\/author\/sepehr\/"}]}},"_links":{"self":[{"href":"https:\/\/ilyaco-group.com\/tr\/wp-json\/wp\/v2\/posts\/833","targetHints":{"allow":["GET"]}}],"collection":[{"href":"https:\/\/ilyaco-group.com\/tr\/wp-json\/wp\/v2\/posts"}],"about":[{"href":"https:\/\/ilyaco-group.com\/tr\/wp-json\/wp\/v2\/types\/post"}],"author":[{"embeddable":true,"href":"https:\/\/ilyaco-group.com\/tr\/wp-json\/wp\/v2\/users\/1"}],"replies":[{"embeddable":true,"href":"https:\/\/ilyaco-group.com\/tr\/wp-json\/wp\/v2\/comments?post=833"}],"version-history":[{"count":0,"href":"https:\/\/ilyaco-group.com\/tr\/wp-json\/wp\/v2\/posts\/833\/revisions"}],"wp:featuredmedia":[{"embeddable":true,"href":"https:\/\/ilyaco-group.com\/tr\/wp-json\/wp\/v2\/media\/832"}],"wp:attachment":[{"href":"https:\/\/ilyaco-group.com\/tr\/wp-json\/wp\/v2\/media?parent=833"}],"wp:term":[{"taxonomy":"category","embeddable":true,"href":"https:\/\/ilyaco-group.com\/tr\/wp-json\/wp\/v2\/categories?post=833"},{"taxonomy":"post_tag","embeddable":true,"href":"https:\/\/ilyaco-group.com\/tr\/wp-json\/wp\/v2\/tags?post=833"}],"curies":[{"name":"wp","href":"https:\/\/api.w.org\/{rel}","templated":true}]}}